
{"id":3188,"date":"2025-09-25T13:25:27","date_gmt":"2025-09-25T13:25:27","guid":{"rendered":"https:\/\/www.astburyformentera.co.uk\/blog\/sant-ferran-de-ses-roques-scopri-il-villaggio-creativo-di-formentera\/"},"modified":"2025-12-09T11:41:30","modified_gmt":"2025-12-09T11:41:30","slug":"sant-ferran-de-ses-roques-scopri-il-villaggio-creativo-di-formentera","status":"publish","type":"post","link":"https:\/\/www.astburyformentera.it\/blog\/sant-ferran-de-ses-roques-scopri-il-villaggio-creativo-di-formentera\/","title":{"rendered":"Sant Ferran de Ses Roques: Scopri il villaggio creativo di Formentera"},"content":{"rendered":"\t\t<div data-elementor-type=\"wp-post\" data-elementor-id=\"3188\" class=\"elementor elementor-3188 elementor-2996\">\n\t\t\t\t<div class=\"elementor-element elementor-element-8379353 e-flex e-con-boxed e-con e-parent\" data-id=\"8379353\" data-element_type=\"container\">\n\t\t\t\t\t<div class=\"e-con-inner\">\n\t\t\t\t<div class=\"elementor-element elementor-element-c64fa8d elementor-widget elementor-widget-heading\" data-id=\"c64fa8d\" data-element_type=\"widget\" data-widget_type=\"heading.default\">\n\t\t\t\t<div class=\"elementor-widget-container\">\n\t\t\t<style>\/*! elementor - v3.23.0 - 15-07-2024 *\/\n.elementor-heading-title{padding:0;margin:0;line-height:1}.elementor-widget-heading .elementor-heading-title[class*=elementor-size-]>a{color:inherit;font-size:inherit;line-height:inherit}.elementor-widget-heading .elementor-heading-title.elementor-size-small{font-size:15px}.elementor-widget-heading .elementor-heading-title.elementor-size-medium{font-size:19px}.elementor-widget-heading .elementor-heading-title.elementor-size-large{font-size:29px}.elementor-widget-heading .elementor-heading-title.elementor-size-xl{font-size:39px}.elementor-widget-heading .elementor-heading-title.elementor-size-xxl{font-size:59px}<\/style><h1 class=\"elementor-heading-title elementor-size-default\">Sant Ferran de Ses Roques: Scopri il villaggio creativo di Formentera<\/h1>\t\t<\/div>\n\t\t\t\t<\/div>\n\t\t\t\t\t<\/div>\n\t\t\t\t<\/div>\n\t\t<div class=\"elementor-element elementor-element-73248316 e-flex e-con-boxed e-con e-parent\" data-id=\"73248316\" data-element_type=\"container\">\n\t\t\t\t\t<div class=\"e-con-inner\">\n\t\t\t\t<div class=\"elementor-element elementor-element-5dd561e7 elementor-widget elementor-widget-text-editor\" data-id=\"5dd561e7\" data-element_type=\"widget\" data-widget_type=\"text-editor.default\">\n\t\t\t\t<div class=\"elementor-widget-container\">\n\t\t\t<style>\/*! elementor - v3.23.0 - 15-07-2024 *\/\n.elementor-widget-text-editor.elementor-drop-cap-view-stacked .elementor-drop-cap{background-color:#69727d;color:#fff}.elementor-widget-text-editor.elementor-drop-cap-view-framed .elementor-drop-cap{color:#69727d;border:3px solid;background-color:transparent}.elementor-widget-text-editor:not(.elementor-drop-cap-view-default) .elementor-drop-cap{margin-top:8px}.elementor-widget-text-editor:not(.elementor-drop-cap-view-default) .elementor-drop-cap-letter{width:1em;height:1em}.elementor-widget-text-editor .elementor-drop-cap{float:left;text-align:center;line-height:1;font-size:50px}.elementor-widget-text-editor .elementor-drop-cap-letter{display:inline-block}<\/style>\t\t\t\t<p>Nel cuore di <strong>Formentera<\/strong> c&#8217;\u00e8 un villaggio di <a href=\"https:\/\/www.astburyformentera.it\/blog\/guida-ai-6-migliori-villaggi-di-formentera\/\"><strong>villaggio<\/strong><\/a> con un&#8217;anima autentica e libera: <strong>Sant Ferran de Ses Roques<\/strong>.<\/p>\n<p><strong>Sant Ferran de Ses Roques<\/strong> divenne la patria del <strong>movimento hippie<\/strong> negli <strong>anni &#8217;60<\/strong> e ancora oggi il suo <strong>spirito<\/strong> <strong>creativo<\/strong> e <strong>boh\u00e9mien<\/strong> \u00e8 vivo nelle strade animate, nei concerti all&#8217;aperto, nei mercati artigianali e nelle lunghe notti estive.<\/p>\n<p>Se vuoi <strong>vivere Formentera al di l\u00e0 delle spiagge<\/strong>, ecco <strong>5 motivi per cui Sant Ferran dovrebbe essere nel tuo itinerario.<\/strong><\/p>\n\t\t\t\t\t\t<\/div>\n\t\t\t\t<\/div>\n\t\t\t\t\t<\/div>\n\t\t\t\t<\/div>\n\t\t<div class=\"elementor-element elementor-element-7bea64c e-flex e-con-boxed e-con e-parent\" data-id=\"7bea64c\" data-element_type=\"container\">\n\t\t\t\t\t<div class=\"e-con-inner\">\n\t\t\t\t<div class=\"elementor-element elementor-element-33347e7 elementor-widget elementor-widget-image\" data-id=\"33347e7\" data-element_type=\"widget\" data-widget_type=\"image.default\">\n\t\t\t\t<div class=\"elementor-widget-container\">\n\t\t\t<style>\/*! elementor - v3.23.0 - 15-07-2024 *\/\n.elementor-widget-image{text-align:center}.elementor-widget-image a{display:inline-block}.elementor-widget-image a img[src$=\".svg\"]{width:48px}.elementor-widget-image img{vertical-align:middle;display:inline-block}<\/style>\t\t\t\t\t\t\t<figure class=\"wp-caption\">\n\t\t\t\t\t\t\t\t\t\t<img fetchpriority=\"high\" decoding=\"async\" width=\"2048\" height=\"1536\" src=\"https:\/\/www.astburyformentera.it\/blog\/wp-content\/uploads\/2025\/09\/san-ferran-formentera-church-square.webp\" class=\"attachment-full size-full wp-image-3053\" alt=\"Night view of the Church of Sant Ferran de ses Roques illuminated in the main square of Sant Ferran de ses Roques, Formentera.\" srcset=\"https:\/\/www.astburyformentera.it\/blog\/wp-content\/uploads\/2025\/09\/san-ferran-formentera-church-square.webp 2048w, https:\/\/www.astburyformentera.it\/blog\/wp-content\/uploads\/2025\/09\/san-ferran-formentera-church-square-768x576.webp 768w, https:\/\/www.astburyformentera.it\/blog\/wp-content\/uploads\/2025\/09\/san-ferran-formentera-church-square-1536x1152.webp 1536w\" sizes=\"(max-width: 2048px) 100vw, 2048px\" \/>\t\t\t\t\t\t\t\t\t\t\t<figcaption class=\"widget-image-caption wp-caption-text\">The Church of Sant Ferran de ses Roques andits main square at nighttime, Formentera,<\/figcaption>\n\t\t\t\t\t\t\t\t\t\t<\/figure>\n\t\t\t\t\t\t\t<\/div>\n\t\t\t\t<\/div>\n\t\t\t\t\t<\/div>\n\t\t\t\t<\/div>\n\t\t<div class=\"elementor-element elementor-element-75e959d e-flex e-con-boxed e-con e-parent\" data-id=\"75e959d\" data-element_type=\"container\">\n\t\t\t\t\t<div class=\"e-con-inner\">\n\t\t\t\t<div class=\"elementor-element elementor-element-5dbed43 elementor-widget elementor-widget-heading\" data-id=\"5dbed43\" data-element_type=\"widget\" data-widget_type=\"heading.default\">\n\t\t\t\t<div class=\"elementor-widget-container\">\n\t\t\t<h2 class=\"elementor-heading-title elementor-size-default\">5 motivi per visitare Sant Ferran de Ses Roques a Formentera<\/h2>\t\t<\/div>\n\t\t\t\t<\/div>\n\t\t\t\t\t<\/div>\n\t\t\t\t<\/div>\n\t\t<div class=\"elementor-element elementor-element-a56a2ed e-flex e-con-boxed e-con e-parent\" data-id=\"a56a2ed\" data-element_type=\"container\">\n\t\t\t\t\t<div class=\"e-con-inner\">\n\t\t\t\t<div class=\"elementor-element elementor-element-33da324 elementor-widget elementor-widget-heading\" data-id=\"33da324\" data-element_type=\"widget\" data-widget_type=\"heading.default\">\n\t\t\t\t<div class=\"elementor-widget-container\">\n\t\t\t<h3 class=\"elementor-heading-title elementor-size-default\">1. Il cuore hippie di Formentera\n<\/h3>\t\t<\/div>\n\t\t\t\t<\/div>\n\t\t\t\t\t<\/div>\n\t\t\t\t<\/div>\n\t\t<div class=\"elementor-element elementor-element-3936c29 e-flex e-con-boxed e-con e-parent\" data-id=\"3936c29\" data-element_type=\"container\">\n\t\t\t\t\t<div class=\"e-con-inner\">\n\t\t\t\t<div class=\"elementor-element elementor-element-fd0b728 elementor-widget elementor-widget-text-editor\" data-id=\"fd0b728\" data-element_type=\"widget\" data-widget_type=\"text-editor.default\">\n\t\t\t\t<div class=\"elementor-widget-container\">\n\t\t\t\t\t\t\t<p data-start=\"109\" data-end=\"541\">Negli anni &#8217;60, <strong>Sant Ferran de Ses Roques<\/strong> divenne <strong>la casa degli spiriti liberi del movimento hippie<\/strong>. La gente del posto accolse questi forestieri dai capelli lunghi, conosciuti come<em data-start=\"307\" data-end=\"316\">&#8220;peludos&#8221;<\/em>. La <strong>piazza della chiesa<\/strong> era uno dei loro principali punti di ritrovo. Portavano con s\u00e9 musica, creativit\u00e0 e uno spirito controculturale e anticonvenzionale.   <\/p>\n<p data-start=\"109\" data-end=\"541\">Ancora oggi, <strong>Sant Ferran <\/strong> riecheggia questo passato hippie. <strong>Tutti i venerd\u00ec sera d&#8217;estate<\/strong> (21 giugno-27 settembre), la piazza \u00e8 animata da <strong>musica dal vivo<\/strong> e il <strong>mercato artigianale<\/strong> si snoda lungo la strada principale<strong>(tutte le sere tranne il mercoled\u00ec e la domenica, dalle 19:00 alle 24:00<\/strong>). Le bancarelle espongono <strong>opere uniche di arte e artigianato<\/strong> di artisti locali: dipinti, ceramiche, cuoio, vetro, gioielli e molto altro. Passeggiare tra queste bancarelle ascoltando musica \u00e8 il modo perfetto per vivere l<strong> &#8216;anima boh\u00e9mien di Sant Ferran.<\/strong>  <\/p>\n\t\t\t\t\t\t<\/div>\n\t\t\t\t<\/div>\n\t\t\t\t\t<\/div>\n\t\t\t\t<\/div>\n\t\t<div class=\"elementor-element elementor-element-8ce680b e-flex e-con-boxed e-con e-parent\" data-id=\"8ce680b\" data-element_type=\"container\">\n\t\t\t\t\t<div class=\"e-con-inner\">\n\t\t\t\t<div class=\"elementor-element elementor-element-210de35 elementor-widget elementor-widget-image\" data-id=\"210de35\" data-element_type=\"widget\" data-widget_type=\"image.default\">\n\t\t\t\t<div class=\"elementor-widget-container\">\n\t\t\t\t\t\t\t\t\t\t<figure class=\"wp-caption\">\n\t\t\t\t\t\t\t\t\t\t<img decoding=\"async\" width=\"2048\" height=\"1536\" src=\"https:\/\/www.astburyformentera.it\/blog\/wp-content\/uploads\/2025\/09\/formentera-artisan-market-san-ferran.webp\" class=\"attachment-full size-full wp-image-3023\" alt=\"Artisan market Sant Ferran de Ses Roques, Formentera\" srcset=\"https:\/\/www.astburyformentera.it\/blog\/wp-content\/uploads\/2025\/09\/formentera-artisan-market-san-ferran.webp 2048w, https:\/\/www.astburyformentera.it\/blog\/wp-content\/uploads\/2025\/09\/formentera-artisan-market-san-ferran-768x576.webp 768w, https:\/\/www.astburyformentera.it\/blog\/wp-content\/uploads\/2025\/09\/formentera-artisan-market-san-ferran-1536x1152.webp 1536w\" sizes=\"(max-width: 2048px) 100vw, 2048px\" \/>\t\t\t\t\t\t\t\t\t\t\t<figcaption class=\"widget-image-caption wp-caption-text\">Stalls at the hippie artisan market in Sant Ferran de Ses Roques in Formentera<\/figcaption>\n\t\t\t\t\t\t\t\t\t\t<\/figure>\n\t\t\t\t\t\t\t<\/div>\n\t\t\t\t<\/div>\n\t\t\t\t\t<\/div>\n\t\t\t\t<\/div>\n\t\t<div class=\"elementor-element elementor-element-821da7d e-flex e-con-boxed e-con e-parent\" data-id=\"821da7d\" data-element_type=\"container\">\n\t\t\t\t\t<div class=\"e-con-inner\">\n\t\t\t\t<div class=\"elementor-element elementor-element-c4f060b elementor-widget elementor-widget-heading\" data-id=\"c4f060b\" data-element_type=\"widget\" data-widget_type=\"heading.default\">\n\t\t\t\t<div class=\"elementor-widget-container\">\n\t\t\t<h3 class=\"elementor-heading-title elementor-size-default\">2. Fonda Pepe: Una leggenda vivente<\/h3>\t\t<\/div>\n\t\t\t\t<\/div>\n\t\t\t\t\t<\/div>\n\t\t\t\t<\/div>\n\t\t<div class=\"elementor-element elementor-element-a37efd7 e-flex e-con-boxed e-con e-parent\" data-id=\"a37efd7\" data-element_type=\"container\">\n\t\t\t\t\t<div class=\"e-con-inner\">\n\t\t\t\t<div class=\"elementor-element elementor-element-946bbfb elementor-widget elementor-widget-text-editor\" data-id=\"946bbfb\" data-element_type=\"widget\" data-widget_type=\"text-editor.default\">\n\t\t\t\t<div class=\"elementor-widget-container\">\n\t\t\t\t\t\t\t<p data-start=\"840\" data-end=\"1028\"><a href=\"https:\/\/www.instagram.com\/fondapepeformentera\/?hl=en\" target=\"_blank\" rel=\"noopener\"><strong>Fonda Pepe<\/strong><\/a> \u00e8 pi\u00f9 di un bar: \u00e8 una <strong>leggenda vivente <\/strong>di<strong> Formentera<\/strong>. Aperto nel <strong>1953<\/strong>, divenne rapidamente il <strong>centro della scena hippie di Formentera<\/strong> e ospit\u00f2 alcuni degli eventi pi\u00f9 memorabili degli anni Sessanta. <\/p>\n<p data-start=\"1030\" data-end=\"1342\">Questa trattoria, che funge anche da bar e ostello, conserva ancora lo spirito di quell&#8217;epoca. Gruppi leggendari come i <strong data-start=\"1144\" data-end=\"1158\">Pink Floyd<\/strong> e i <strong data-start=\"1163\" data-end=\"1179\">King Crimson<\/strong> si ritrovavano qui. Alcuni sostengono addirittura che <strong data-start=\"1224\" data-end=\"1237\">Bob Dylan<\/strong> si sia fermato qui per suonare la chitarra, anche se probabilmente si tratta di una leggenda metropolitana ispirata da qualcuno che gli somigliava.  <\/p>\n<p data-start=\"1344\" data-end=\"1608\">Oggi la <strong>Fonda Pepe<\/strong> rimane un luogo di ritrovo popolare. Gli arredi d&#8217;epoca e le <strong>iconiche fotografie degli anni &#8217;60<\/strong> di <strong data-start=\"1449\" data-end=\"1499\">Reinald W\u00fcnsche <\/strong>(Berlino 1943 &#8211; Formentera 2008) catturano i momenti di quell&#8217;epoca hippie, creando un&#8217;inestimabile testimonianza visiva del <strong>patrimonio culturale di Formentera.<\/strong> <\/p>\n<p data-start=\"1610\" data-end=\"1931\">Qui puoi gustare una <em>paella barata<\/em> (paella economica), sorseggiare <em>chupitos<\/em> (piccoli shot di liquore) al bar o rimanere fino a tardi per una serata vivace. I sapori e l&#8217;atmosfera sono ancora quelli degli anni &#8217;60 e questo \u00e8 <strong>un posto da non perdere<\/strong> se vuoi vivere un <strong>pezzo di storia di Formentera.<\/strong> <\/p>\n\t\t\t\t\t\t<\/div>\n\t\t\t\t<\/div>\n\t\t\t\t\t<\/div>\n\t\t\t\t<\/div>\n\t\t<div class=\"elementor-element elementor-element-b9d0d30 e-flex e-con-boxed e-con e-parent\" data-id=\"b9d0d30\" data-element_type=\"container\">\n\t\t\t\t\t<div class=\"e-con-inner\">\n\t\t\t\t<div class=\"elementor-element elementor-element-def34da elementor-widget elementor-widget-image\" data-id=\"def34da\" data-element_type=\"widget\" data-widget_type=\"image.default\">\n\t\t\t\t<div class=\"elementor-widget-container\">\n\t\t\t\t\t\t\t\t\t\t<figure class=\"wp-caption\">\n\t\t\t\t\t\t\t\t\t\t<img decoding=\"async\" width=\"2560\" height=\"1653\" src=\"https:\/\/www.astburyformentera.it\/blog\/wp-content\/uploads\/2025\/09\/fonda-pepe-formentera-historic-bar-scaled.webp\" class=\"attachment-full size-full wp-image-3035\" alt=\"Fonda Pepe in San Ferran, Formentera \u2013 historic bar, trattoria, and hostel frequented by Pink Floyd and King Crimson in the 1960s hippie era\" srcset=\"https:\/\/www.astburyformentera.it\/blog\/wp-content\/uploads\/2025\/09\/fonda-pepe-formentera-historic-bar-scaled.webp 2560w, https:\/\/www.astburyformentera.it\/blog\/wp-content\/uploads\/2025\/09\/fonda-pepe-formentera-historic-bar-768x496.webp 768w, https:\/\/www.astburyformentera.it\/blog\/wp-content\/uploads\/2025\/09\/fonda-pepe-formentera-historic-bar-1536x992.webp 1536w, https:\/\/www.astburyformentera.it\/blog\/wp-content\/uploads\/2025\/09\/fonda-pepe-formentera-historic-bar-2048x1322.webp 2048w\" sizes=\"(max-width: 2560px) 100vw, 2560px\" \/>\t\t\t\t\t\t\t\t\t\t\t<figcaption class=\"widget-image-caption wp-caption-text\">Fonda Pepe, a historic bar and trattoria in San Ferran, Formentera, has been a hub of the island\u2019s 1960s hippie scene and a gathering place for legendary musicians.<\/figcaption>\n\t\t\t\t\t\t\t\t\t\t<\/figure>\n\t\t\t\t\t\t\t<\/div>\n\t\t\t\t<\/div>\n\t\t\t\t<div class=\"elementor-element elementor-element-8c9c72d elementor-widget elementor-widget-heading\" data-id=\"8c9c72d\" data-element_type=\"widget\" data-widget_type=\"heading.default\">\n\t\t\t\t<div class=\"elementor-widget-container\">\n\t\t\t<h3 class=\"elementor-heading-title elementor-size-default\">3. La connessione con i Pink Floyd\n<\/h3>\t\t<\/div>\n\t\t\t\t<\/div>\n\t\t\t\t\t<\/div>\n\t\t\t\t<\/div>\n\t\t<div class=\"elementor-element elementor-element-c36f9e8 e-flex e-con-boxed e-con e-parent\" data-id=\"c36f9e8\" data-element_type=\"container\">\n\t\t\t\t\t<div class=\"e-con-inner\">\n\t\t\t\t<div class=\"elementor-element elementor-element-0f180e7 elementor-widget elementor-widget-text-editor\" data-id=\"0f180e7\" data-element_type=\"widget\" data-widget_type=\"text-editor.default\">\n\t\t\t\t<div class=\"elementor-widget-container\">\n\t\t\t\t\t\t\t<p><span style=\"font-weight: 400;\"><strong>Sant Ferran<\/strong> \u00e8 anche la sede di <\/span><a href=\"https:\/\/formentera-guitars.com\/?fbclid=IwY2xjawNLsxhleHRuA2FlbQIxMABicmlkETFySW5EZTM1V2xjY0J3S3MwAR6TAggQwKUEDgBcF4714FG2JNoV23bw8oufOjK5BG1umn3jVdT32NVc51PPOw_aem_ZDJMbYH9fyqoU8meh-LaBw\" target=\"_blank\" rel=\"noopener\"><b>Chitarre di Formentera<\/b><\/a><span style=\"font-weight: 400;\">, un laboratorio fondato negli anni &#8217;80 che si \u00e8 fatto conoscere in tutto il mondo per la produzione di strumenti di alta qualit\u00e0. Musicisti leggendari, tra cui i membri dei <g id=\"gid_0\">Pink Floyd<\/g>, hanno suonato chitarre e bassi prodotti proprio qui, trasformando questo piccolo villaggio in un inaspettato santuario per gli amanti della musica. Una visita a <strong>Formentera Guitars<\/strong> \u00e8 d&#8217;obbligo per chiunque sia appassionato di musica e, se vuoi, puoi anche <strong>costruire la tua chitarra<\/strong> o il tuo <strong>basso<\/strong> partecipando al loro famoso corso di tre settimane, per la realizzazione di strumenti noti per il loro iconico &#8220;suono delle Baleari&#8221;.    <\/span><\/p>\n\t\t\t\t\t\t<\/div>\n\t\t\t\t<\/div>\n\t\t\t\t<div class=\"elementor-element elementor-element-2b765a5 elementor-widget elementor-widget-heading\" data-id=\"2b765a5\" data-element_type=\"widget\" data-widget_type=\"heading.default\">\n\t\t\t\t<div class=\"elementor-widget-container\">\n\t\t\t<h3 class=\"elementor-heading-title elementor-size-default\">4. Cuevas d'en Geroni: La Grotta Nascosta<\/h3>\t\t<\/div>\n\t\t\t\t<\/div>\n\t\t\t\t<div class=\"elementor-element elementor-element-08f97fa elementor-widget elementor-widget-text-editor\" data-id=\"08f97fa\" data-element_type=\"widget\" data-widget_type=\"text-editor.default\">\n\t\t\t\t<div class=\"elementor-widget-container\">\n\t\t\t\t\t\t\t<p><span style=\"font-weight: 400;\">Scoperta nel 1975 durante lo scavo di un pozzo, <\/span><b>Cuevas d&#8217;en Geroni<\/b><span style=\"font-weight: 400;\"> \u00e8 una delle <\/span><b>Formentera<\/b><span style=\"font-weight: 400;\">meno conosciuti di Formentera <\/span><b>tesori naturali<\/b><span style=\"font-weight: 400;\">. Si trova proprio  <\/span><b>fuori da San Ferran<\/b><span style=\"font-weight: 400;\">al <\/span><b>km 6,2 <\/b><span style=\"font-weight: 400;\">sulla strada per La Mola, segnalato da cartelli e da una porta discreta: non aspettarti nulla di appariscente, il che aumenta il suo mistero.<\/span><\/p>\n<p><span style=\"font-weight: 400;\">Entra e troverai <strong>stalattiti<\/strong>, <strong>stalagmiti<\/strong> e <strong>radici di alberi<\/strong> che pendono dal soffitto della grotta: questo mondo sotterraneo sembra congelato nel tempo.  <\/span><\/p>\n<p><span style=\"font-weight: 400;\">Una visita alla grotta \u00e8 un&#8217;ottima <strong>alternativa alla spiaggia<\/strong> quando il tempo \u00e8 nuvoloso. \u00c8 un&#8217;esperienza avventurosa e suggestiva che mostra un <strong>lato diverso<\/strong> della bellezza naturale di <strong>Formentera<\/strong>. <\/span><\/p>\n\t\t\t\t\t\t<\/div>\n\t\t\t\t<\/div>\n\t\t\t\t\t<\/div>\n\t\t\t\t<\/div>\n\t\t<div class=\"elementor-element elementor-element-d0664f6 e-flex e-con-boxed e-con e-parent\" data-id=\"d0664f6\" data-element_type=\"container\">\n\t\t\t\t\t<div class=\"e-con-inner\">\n\t\t\t\t<div class=\"elementor-element elementor-element-7bd2850 elementor-widget elementor-widget-heading\" data-id=\"7bd2850\" data-element_type=\"widget\" data-widget_type=\"heading.default\">\n\t\t\t\t<div class=\"elementor-widget-container\">\n\t\t\t<h3 class=\"elementor-heading-title elementor-size-default\">5. La vita notturna alternativa di Sant Ferran<\/h3>\t\t<\/div>\n\t\t\t\t<\/div>\n\t\t\t\t\t<\/div>\n\t\t\t\t<\/div>\n\t\t<div class=\"elementor-element elementor-element-699c845 e-flex e-con-boxed e-con e-parent\" data-id=\"699c845\" data-element_type=\"container\">\n\t\t\t\t\t<div class=\"e-con-inner\">\n\t\t\t\t<div class=\"elementor-element elementor-element-cfd072e elementor-widget elementor-widget-text-editor\" data-id=\"cfd072e\" data-element_type=\"widget\" data-widget_type=\"text-editor.default\">\n\t\t\t\t<div class=\"elementor-widget-container\">\n\t\t\t\t\t\t\t<p data-start=\"240\" data-end=\"903\"><strong>Le notti a Sant Ferran<\/strong> hanno un ritmo molto diverso da quello di <a href=\"https:\/\/www.astburyformentera.it\/blog\/guida-alla-spiaggia-e-al-villaggio-di-es-pujols-a-formentera\/\">Es Pujols<\/a>, il principale centro della vita notturna <strong>di Formentera<\/strong>pieno di locali e bar. A <strong>Sant Ferran<\/strong>, la piazza e le strade vicine si animano in modo <strong>pi\u00f9 rilassato<\/strong> e locale. Alcune sere potresti imbatterti in una band dal vivo o in una jam session che <strong>trasforma la piazza in un punto d&#8217;incontro<\/strong> per la gente del posto e per i visitatori.  <\/p>\n<p data-start=\"240\" data-end=\"903\">Se stai cercando una delle <strong>migliori pizze di Formentera<\/strong>, non perdere il <a href=\"https:\/\/macondoformentera.com\/en\/home\" target=\"_blank\" rel=\"noopener\"><strong data-start=\"556\" data-end=\"567\">Macondo<\/strong><\/a>sulla via principale di <strong>Sant Ferran<\/strong>, dove potrai sederti sotto un ulivo. I tavoli dei ristoranti sono allineati lungo la strada, illuminati da luci soffuse che creano un&#8217;<strong>atmosfera magica. <\/strong>  <\/p>\n<p data-start=\"240\" data-end=\"903\">In seguito, ti consigliamo di recarti a <a href=\"https:\/\/www.sapanxa.com\/\" target=\"_blank\" rel=\"noopener\"><strong data-start=\"780\" data-end=\"792\">Sa Panxa<\/strong><\/a> per un drink, uno dei locali preferiti dagli abitanti del posto. Il bar ha un&#8217;<strong>atmosfera<\/strong> <strong>alternativa<\/strong> e <strong>creativa<\/strong>, con pareti caratterizzate da <strong>opere d&#8217;arte locali uniche<\/strong> che riflettono l <strong>&#8216;anima boh\u00e9mien di Formentera<\/strong>. Il suo <g id=\"gid_6\">bellissimo cortile esterno<\/g> ospita musica dal vivo, animando lo spazio con balli e risate. Pi\u00f9 che un ristorante elegante, <strong>questo locale ha carattere<\/strong> e un&#8217;atmosfera genuina e magica, che riflette <strong>il vero spirito di Formentera.<\/strong>   <\/p>\n\t\t\t\t\t\t<\/div>\n\t\t\t\t<\/div>\n\t\t\t\t\t<\/div>\n\t\t\t\t<\/div>\n\t\t<div class=\"elementor-element elementor-element-4a2f7d2 e-flex e-con-boxed e-con e-parent\" data-id=\"4a2f7d2\" data-element_type=\"container\">\n\t\t\t\t\t<div class=\"e-con-inner\">\n\t\t\t\t<div class=\"elementor-element elementor-element-6d4b9f5 elementor-widget elementor-widget-image\" data-id=\"6d4b9f5\" data-element_type=\"widget\" data-widget_type=\"image.default\">\n\t\t\t\t<div class=\"elementor-widget-container\">\n\t\t\t\t\t\t\t\t\t\t<figure class=\"wp-caption\">\n\t\t\t\t\t\t\t\t\t\t<img loading=\"lazy\" decoding=\"async\" width=\"2560\" height=\"1920\" src=\"https:\/\/www.astburyformentera.it\/blog\/wp-content\/uploads\/2025\/09\/san-ferran-formentera-live-music-sa-panxa-scaled.webp\" class=\"attachment-full size-full wp-image-3065\" alt=\"Live music performance at Sa Panxa bar in Sant Ferran de Ses Roques, Formentera, in the outdoor courtyard at night.\" srcset=\"https:\/\/www.astburyformentera.it\/blog\/wp-content\/uploads\/2025\/09\/san-ferran-formentera-live-music-sa-panxa-scaled.webp 2560w, https:\/\/www.astburyformentera.it\/blog\/wp-content\/uploads\/2025\/09\/san-ferran-formentera-live-music-sa-panxa-768x576.webp 768w, https:\/\/www.astburyformentera.it\/blog\/wp-content\/uploads\/2025\/09\/san-ferran-formentera-live-music-sa-panxa-1536x1152.webp 1536w, https:\/\/www.astburyformentera.it\/blog\/wp-content\/uploads\/2025\/09\/san-ferran-formentera-live-music-sa-panxa-2048x1536.webp 2048w\" sizes=\"(max-width: 2560px) 100vw, 2560px\" \/>\t\t\t\t\t\t\t\t\t\t\t<figcaption class=\"widget-image-caption wp-caption-text\">Live music performance at Sa Panxa, a popular bar in Sant Ferran de Ses Roques, Formentera, in its beautiful outdoor courtyard.<\/figcaption>\n\t\t\t\t\t\t\t\t\t\t<\/figure>\n\t\t\t\t\t\t\t<\/div>\n\t\t\t\t<\/div>\n\t\t\t\t\t<\/div>\n\t\t\t\t<\/div>\n\t\t\t\t<\/div>\n\t\t","protected":false},"excerpt":{"rendered":"<p>Sant Ferran de Ses Roques: Scopri il villaggio creativo di Formentera Nel cuore di Formentera c&#8217;\u00e8 un villaggio di villaggio&#8230;<\/p>\n","protected":false},"author":2,"featured_media":3000,"comment_status":"closed","ping_status":"closed","sticky":false,"template":"","format":"standard","meta":{"footnotes":""},"categories":[3,81],"tags":[],"class_list":["post-3188","post","type-post","status-publish","format-standard","has-post-thumbnail","hentry","category-non-categorizzato","category-scopri-formentera-la-tua-guida-di-viaggio"],"yoast_head":"<!-- This site is optimized with the Yoast SEO plugin v22.8 - https:\/\/yoast.com\/wordpress\/plugins\/seo\/ -->\n<title>Sant Ferran de Ses Roques: Il villaggio creativo di Formentera<\/title>\n<meta name=\"description\" content=\"Scopri Sant Ferran de Ses Roques, il villaggio creativo di Formentera. Esplora la sua storia hippie, i mercati artigianali, la musica dal vivo e le incantevoli strade. Vivi Formentera oltre le spiagge.\" \/>\n<meta name=\"robots\" content=\"index, follow, max-snippet:-1, max-image-preview:large, max-video-preview:-1\" \/>\n<link rel=\"canonical\" href=\"https:\/\/www.astburyformentera.it\/blog\/sant-ferran-de-ses-roques-scopri-il-villaggio-creativo-di-formentera\/\" \/>\n<meta property=\"og:locale\" content=\"it_IT\" \/>\n<meta property=\"og:type\" content=\"article\" \/>\n<meta property=\"og:title\" content=\"Sant Ferran de Ses Roques: Il villaggio creativo di Formentera\" \/>\n<meta property=\"og:description\" content=\"Scopri Sant Ferran de Ses Roques, il villaggio creativo di Formentera. Esplora la sua storia hippie, i mercati artigianali, la musica dal vivo e le incantevoli strade. Vivi Formentera oltre le spiagge.\" \/>\n<meta property=\"og:url\" content=\"https:\/\/www.astburyformentera.it\/blog\/sant-ferran-de-ses-roques-scopri-il-villaggio-creativo-di-formentera\/\" \/>\n<meta property=\"og:site_name\" content=\"Island Life\" \/>\n<meta property=\"article:publisher\" content=\"https:\/\/www.facebook.com\/formentera.astbury\/\" \/>\n<meta property=\"article:published_time\" content=\"2025-09-25T13:25:27+00:00\" \/>\n<meta property=\"article:modified_time\" content=\"2025-12-09T11:41:30+00:00\" \/>\n<meta property=\"og:image\" content=\"https:\/\/www.astburyformentera.it\/blog\/wp-content\/uploads\/2025\/09\/sant-ferran-de-ses-roques-formentera-scaled.webp\" \/>\n\t<meta property=\"og:image:width\" content=\"2560\" \/>\n\t<meta property=\"og:image:height\" content=\"2091\" \/>\n\t<meta property=\"og:image:type\" content=\"image\/webp\" \/>\n<meta name=\"author\" content=\"astburyformentera\" \/>\n<meta name=\"twitter:card\" content=\"summary_large_image\" \/>\n<meta name=\"twitter:label1\" content=\"Scritto da\" \/>\n\t<meta name=\"twitter:data1\" content=\"astburyformentera\" \/>\n\t<meta name=\"twitter:label2\" content=\"Tempo di lettura stimato\" \/>\n\t<meta name=\"twitter:data2\" content=\"5 minuti\" \/>\n<script type=\"application\/ld+json\" class=\"yoast-schema-graph\">{\"@context\":\"https:\/\/schema.org\",\"@graph\":[{\"@type\":\"Article\",\"@id\":\"https:\/\/www.astburyformentera.it\/blog\/sant-ferran-de-ses-roques-scopri-il-villaggio-creativo-di-formentera\/#article\",\"isPartOf\":{\"@id\":\"https:\/\/www.astburyformentera.it\/blog\/sant-ferran-de-ses-roques-scopri-il-villaggio-creativo-di-formentera\/\"},\"author\":{\"name\":\"astburyformentera\",\"@id\":\"https:\/\/www.astburyformentera.it\/blog\/#\/schema\/person\/3b7960663a62d882614d380312b77245\"},\"headline\":\"Sant Ferran de Ses Roques: Scopri il villaggio creativo di Formentera\",\"datePublished\":\"2025-09-25T13:25:27+00:00\",\"dateModified\":\"2025-12-09T11:41:30+00:00\",\"mainEntityOfPage\":{\"@id\":\"https:\/\/www.astburyformentera.it\/blog\/sant-ferran-de-ses-roques-scopri-il-villaggio-creativo-di-formentera\/\"},\"wordCount\":955,\"publisher\":{\"@id\":\"https:\/\/www.astburyformentera.it\/blog\/#organization\"},\"image\":{\"@id\":\"https:\/\/www.astburyformentera.it\/blog\/sant-ferran-de-ses-roques-scopri-il-villaggio-creativo-di-formentera\/#primaryimage\"},\"thumbnailUrl\":\"https:\/\/www.astburyformentera.it\/blog\/wp-content\/uploads\/2025\/09\/sant-ferran-de-ses-roques-formentera-scaled.webp\",\"articleSection\":[\"Non categorizzato\",\"Scopri Formentera: la tua guida di viaggio\"],\"inLanguage\":\"it-IT\"},{\"@type\":\"WebPage\",\"@id\":\"https:\/\/www.astburyformentera.it\/blog\/sant-ferran-de-ses-roques-scopri-il-villaggio-creativo-di-formentera\/\",\"url\":\"https:\/\/www.astburyformentera.it\/blog\/sant-ferran-de-ses-roques-scopri-il-villaggio-creativo-di-formentera\/\",\"name\":\"Sant Ferran de Ses Roques: Il villaggio creativo di Formentera\",\"isPartOf\":{\"@id\":\"https:\/\/www.astburyformentera.it\/blog\/#website\"},\"primaryImageOfPage\":{\"@id\":\"https:\/\/www.astburyformentera.it\/blog\/sant-ferran-de-ses-roques-scopri-il-villaggio-creativo-di-formentera\/#primaryimage\"},\"image\":{\"@id\":\"https:\/\/www.astburyformentera.it\/blog\/sant-ferran-de-ses-roques-scopri-il-villaggio-creativo-di-formentera\/#primaryimage\"},\"thumbnailUrl\":\"https:\/\/www.astburyformentera.it\/blog\/wp-content\/uploads\/2025\/09\/sant-ferran-de-ses-roques-formentera-scaled.webp\",\"datePublished\":\"2025-09-25T13:25:27+00:00\",\"dateModified\":\"2025-12-09T11:41:30+00:00\",\"description\":\"Scopri Sant Ferran de Ses Roques, il villaggio creativo di Formentera. Esplora la sua storia hippie, i mercati artigianali, la musica dal vivo e le incantevoli strade. Vivi Formentera oltre le spiagge.\",\"breadcrumb\":{\"@id\":\"https:\/\/www.astburyformentera.it\/blog\/sant-ferran-de-ses-roques-scopri-il-villaggio-creativo-di-formentera\/#breadcrumb\"},\"inLanguage\":\"it-IT\",\"potentialAction\":[{\"@type\":\"ReadAction\",\"target\":[\"https:\/\/www.astburyformentera.it\/blog\/sant-ferran-de-ses-roques-scopri-il-villaggio-creativo-di-formentera\/\"]}]},{\"@type\":\"ImageObject\",\"inLanguage\":\"it-IT\",\"@id\":\"https:\/\/www.astburyformentera.it\/blog\/sant-ferran-de-ses-roques-scopri-il-villaggio-creativo-di-formentera\/#primaryimage\",\"url\":\"https:\/\/www.astburyformentera.it\/blog\/wp-content\/uploads\/2025\/09\/sant-ferran-de-ses-roques-formentera-scaled.webp\",\"contentUrl\":\"https:\/\/www.astburyformentera.it\/blog\/wp-content\/uploads\/2025\/09\/sant-ferran-de-ses-roques-formentera-scaled.webp\",\"width\":2560,\"height\":2091,\"caption\":\"La piazza centrale e la chiesa di Sant Ferran de Ses Roques a Formentera\"},{\"@type\":\"BreadcrumbList\",\"@id\":\"https:\/\/www.astburyformentera.it\/blog\/sant-ferran-de-ses-roques-scopri-il-villaggio-creativo-di-formentera\/#breadcrumb\",\"itemListElement\":[{\"@type\":\"ListItem\",\"position\":1,\"name\":\"Home\",\"item\":\"https:\/\/www.astburyformentera.it\/blog\/\"},{\"@type\":\"ListItem\",\"position\":2,\"name\":\"Sant Ferran de Ses Roques: Scopri il villaggio creativo di Formentera\"}]},{\"@type\":\"WebSite\",\"@id\":\"https:\/\/www.astburyformentera.it\/blog\/#website\",\"url\":\"https:\/\/www.astburyformentera.it\/blog\/\",\"name\":\"Island Life\",\"description\":\"Astbury Formentera\",\"publisher\":{\"@id\":\"https:\/\/www.astburyformentera.it\/blog\/#organization\"},\"potentialAction\":[{\"@type\":\"SearchAction\",\"target\":{\"@type\":\"EntryPoint\",\"urlTemplate\":\"https:\/\/www.astburyformentera.it\/blog\/?s={search_term_string}\"},\"query-input\":\"required name=search_term_string\"}],\"inLanguage\":\"it-IT\"},{\"@type\":\"Organization\",\"@id\":\"https:\/\/www.astburyformentera.it\/blog\/#organization\",\"name\":\"Astbury Formentera\",\"url\":\"https:\/\/www.astburyformentera.it\/blog\/\",\"logo\":{\"@type\":\"ImageObject\",\"inLanguage\":\"it-IT\",\"@id\":\"https:\/\/www.astburyformentera.it\/blog\/#\/schema\/logo\/image\/\",\"url\":\"https:\/\/www.astburyformentera.it\/blog\/wp-content\/uploads\/2024\/06\/Astbury_Main_Logo.jpg\",\"contentUrl\":\"https:\/\/www.astburyformentera.it\/blog\/wp-content\/uploads\/2024\/06\/Astbury_Main_Logo.jpg\",\"width\":591,\"height\":794,\"caption\":\"Astbury Formentera\"},\"image\":{\"@id\":\"https:\/\/www.astburyformentera.it\/blog\/#\/schema\/logo\/image\/\"},\"sameAs\":[\"https:\/\/www.facebook.com\/formentera.astbury\/\",\"https:\/\/www.instagram.com\/astburyformentera\/\"]},{\"@type\":\"Person\",\"@id\":\"https:\/\/www.astburyformentera.it\/blog\/#\/schema\/person\/3b7960663a62d882614d380312b77245\",\"name\":\"astburyformentera\",\"image\":{\"@type\":\"ImageObject\",\"inLanguage\":\"it-IT\",\"@id\":\"https:\/\/www.astburyformentera.it\/blog\/#\/schema\/person\/image\/\",\"url\":\"https:\/\/secure.gravatar.com\/avatar\/e7a2190fae75b01f080821e9e7053a7d131f6f71b9d3654542a5a42f29c8a000?s=96&d=mm&r=g\",\"contentUrl\":\"https:\/\/secure.gravatar.com\/avatar\/e7a2190fae75b01f080821e9e7053a7d131f6f71b9d3654542a5a42f29c8a000?s=96&d=mm&r=g\",\"caption\":\"astburyformentera\"},\"url\":\"https:\/\/www.astburyformentera.it\/blog\/author\/astburyformentera\/\"}]}<\/script>\n<!-- \/ Yoast SEO plugin. -->","yoast_head_json":{"title":"Sant Ferran de Ses Roques: Il villaggio creativo di Formentera","description":"Scopri Sant Ferran de Ses Roques, il villaggio creativo di Formentera. Esplora la sua storia hippie, i mercati artigianali, la musica dal vivo e le incantevoli strade. Vivi Formentera oltre le spiagge.","robots":{"index":"index","follow":"follow","max-snippet":"max-snippet:-1","max-image-preview":"max-image-preview:large","max-video-preview":"max-video-preview:-1"},"canonical":"https:\/\/www.astburyformentera.it\/blog\/sant-ferran-de-ses-roques-scopri-il-villaggio-creativo-di-formentera\/","og_locale":"it_IT","og_type":"article","og_title":"Sant Ferran de Ses Roques: Il villaggio creativo di Formentera","og_description":"Scopri Sant Ferran de Ses Roques, il villaggio creativo di Formentera. Esplora la sua storia hippie, i mercati artigianali, la musica dal vivo e le incantevoli strade. Vivi Formentera oltre le spiagge.","og_url":"https:\/\/www.astburyformentera.it\/blog\/sant-ferran-de-ses-roques-scopri-il-villaggio-creativo-di-formentera\/","og_site_name":"Island Life","article_publisher":"https:\/\/www.facebook.com\/formentera.astbury\/","article_published_time":"2025-09-25T13:25:27+00:00","article_modified_time":"2025-12-09T11:41:30+00:00","og_image":[{"width":2560,"height":2091,"url":"https:\/\/www.astburyformentera.it\/blog\/wp-content\/uploads\/2025\/09\/sant-ferran-de-ses-roques-formentera-scaled.webp","type":"image\/webp"}],"author":"astburyformentera","twitter_card":"summary_large_image","twitter_misc":{"Scritto da":"astburyformentera","Tempo di lettura stimato":"5 minuti"},"schema":{"@context":"https:\/\/schema.org","@graph":[{"@type":"Article","@id":"https:\/\/www.astburyformentera.it\/blog\/sant-ferran-de-ses-roques-scopri-il-villaggio-creativo-di-formentera\/#article","isPartOf":{"@id":"https:\/\/www.astburyformentera.it\/blog\/sant-ferran-de-ses-roques-scopri-il-villaggio-creativo-di-formentera\/"},"author":{"name":"astburyformentera","@id":"https:\/\/www.astburyformentera.it\/blog\/#\/schema\/person\/3b7960663a62d882614d380312b77245"},"headline":"Sant Ferran de Ses Roques: Scopri il villaggio creativo di Formentera","datePublished":"2025-09-25T13:25:27+00:00","dateModified":"2025-12-09T11:41:30+00:00","mainEntityOfPage":{"@id":"https:\/\/www.astburyformentera.it\/blog\/sant-ferran-de-ses-roques-scopri-il-villaggio-creativo-di-formentera\/"},"wordCount":955,"publisher":{"@id":"https:\/\/www.astburyformentera.it\/blog\/#organization"},"image":{"@id":"https:\/\/www.astburyformentera.it\/blog\/sant-ferran-de-ses-roques-scopri-il-villaggio-creativo-di-formentera\/#primaryimage"},"thumbnailUrl":"https:\/\/www.astburyformentera.it\/blog\/wp-content\/uploads\/2025\/09\/sant-ferran-de-ses-roques-formentera-scaled.webp","articleSection":["Non categorizzato","Scopri Formentera: la tua guida di viaggio"],"inLanguage":"it-IT"},{"@type":"WebPage","@id":"https:\/\/www.astburyformentera.it\/blog\/sant-ferran-de-ses-roques-scopri-il-villaggio-creativo-di-formentera\/","url":"https:\/\/www.astburyformentera.it\/blog\/sant-ferran-de-ses-roques-scopri-il-villaggio-creativo-di-formentera\/","name":"Sant Ferran de Ses Roques: Il villaggio creativo di Formentera","isPartOf":{"@id":"https:\/\/www.astburyformentera.it\/blog\/#website"},"primaryImageOfPage":{"@id":"https:\/\/www.astburyformentera.it\/blog\/sant-ferran-de-ses-roques-scopri-il-villaggio-creativo-di-formentera\/#primaryimage"},"image":{"@id":"https:\/\/www.astburyformentera.it\/blog\/sant-ferran-de-ses-roques-scopri-il-villaggio-creativo-di-formentera\/#primaryimage"},"thumbnailUrl":"https:\/\/www.astburyformentera.it\/blog\/wp-content\/uploads\/2025\/09\/sant-ferran-de-ses-roques-formentera-scaled.webp","datePublished":"2025-09-25T13:25:27+00:00","dateModified":"2025-12-09T11:41:30+00:00","description":"Scopri Sant Ferran de Ses Roques, il villaggio creativo di Formentera. Esplora la sua storia hippie, i mercati artigianali, la musica dal vivo e le incantevoli strade. Vivi Formentera oltre le spiagge.","breadcrumb":{"@id":"https:\/\/www.astburyformentera.it\/blog\/sant-ferran-de-ses-roques-scopri-il-villaggio-creativo-di-formentera\/#breadcrumb"},"inLanguage":"it-IT","potentialAction":[{"@type":"ReadAction","target":["https:\/\/www.astburyformentera.it\/blog\/sant-ferran-de-ses-roques-scopri-il-villaggio-creativo-di-formentera\/"]}]},{"@type":"ImageObject","inLanguage":"it-IT","@id":"https:\/\/www.astburyformentera.it\/blog\/sant-ferran-de-ses-roques-scopri-il-villaggio-creativo-di-formentera\/#primaryimage","url":"https:\/\/www.astburyformentera.it\/blog\/wp-content\/uploads\/2025\/09\/sant-ferran-de-ses-roques-formentera-scaled.webp","contentUrl":"https:\/\/www.astburyformentera.it\/blog\/wp-content\/uploads\/2025\/09\/sant-ferran-de-ses-roques-formentera-scaled.webp","width":2560,"height":2091,"caption":"La piazza centrale e la chiesa di Sant Ferran de Ses Roques a Formentera"},{"@type":"BreadcrumbList","@id":"https:\/\/www.astburyformentera.it\/blog\/sant-ferran-de-ses-roques-scopri-il-villaggio-creativo-di-formentera\/#breadcrumb","itemListElement":[{"@type":"ListItem","position":1,"name":"Home","item":"https:\/\/www.astburyformentera.it\/blog\/"},{"@type":"ListItem","position":2,"name":"Sant Ferran de Ses Roques: Scopri il villaggio creativo di Formentera"}]},{"@type":"WebSite","@id":"https:\/\/www.astburyformentera.it\/blog\/#website","url":"https:\/\/www.astburyformentera.it\/blog\/","name":"Island Life","description":"Astbury Formentera","publisher":{"@id":"https:\/\/www.astburyformentera.it\/blog\/#organization"},"potentialAction":[{"@type":"SearchAction","target":{"@type":"EntryPoint","urlTemplate":"https:\/\/www.astburyformentera.it\/blog\/?s={search_term_string}"},"query-input":"required name=search_term_string"}],"inLanguage":"it-IT"},{"@type":"Organization","@id":"https:\/\/www.astburyformentera.it\/blog\/#organization","name":"Astbury Formentera","url":"https:\/\/www.astburyformentera.it\/blog\/","logo":{"@type":"ImageObject","inLanguage":"it-IT","@id":"https:\/\/www.astburyformentera.it\/blog\/#\/schema\/logo\/image\/","url":"https:\/\/www.astburyformentera.it\/blog\/wp-content\/uploads\/2024\/06\/Astbury_Main_Logo.jpg","contentUrl":"https:\/\/www.astburyformentera.it\/blog\/wp-content\/uploads\/2024\/06\/Astbury_Main_Logo.jpg","width":591,"height":794,"caption":"Astbury Formentera"},"image":{"@id":"https:\/\/www.astburyformentera.it\/blog\/#\/schema\/logo\/image\/"},"sameAs":["https:\/\/www.facebook.com\/formentera.astbury\/","https:\/\/www.instagram.com\/astburyformentera\/"]},{"@type":"Person","@id":"https:\/\/www.astburyformentera.it\/blog\/#\/schema\/person\/3b7960663a62d882614d380312b77245","name":"astburyformentera","image":{"@type":"ImageObject","inLanguage":"it-IT","@id":"https:\/\/www.astburyformentera.it\/blog\/#\/schema\/person\/image\/","url":"https:\/\/secure.gravatar.com\/avatar\/e7a2190fae75b01f080821e9e7053a7d131f6f71b9d3654542a5a42f29c8a000?s=96&d=mm&r=g","contentUrl":"https:\/\/secure.gravatar.com\/avatar\/e7a2190fae75b01f080821e9e7053a7d131f6f71b9d3654542a5a42f29c8a000?s=96&d=mm&r=g","caption":"astburyformentera"},"url":"https:\/\/www.astburyformentera.it\/blog\/author\/astburyformentera\/"}]}},"_links":{"self":[{"href":"https:\/\/www.astburyformentera.it\/blog\/wp-json\/wp\/v2\/posts\/3188","targetHints":{"allow":["GET"]}}],"collection":[{"href":"https:\/\/www.astburyformentera.it\/blog\/wp-json\/wp\/v2\/posts"}],"about":[{"href":"https:\/\/www.astburyformentera.it\/blog\/wp-json\/wp\/v2\/types\/post"}],"author":[{"embeddable":true,"href":"https:\/\/www.astburyformentera.it\/blog\/wp-json\/wp\/v2\/users\/2"}],"replies":[{"embeddable":true,"href":"https:\/\/www.astburyformentera.it\/blog\/wp-json\/wp\/v2\/comments?post=3188"}],"version-history":[{"count":1,"href":"https:\/\/www.astburyformentera.it\/blog\/wp-json\/wp\/v2\/posts\/3188\/revisions"}],"predecessor-version":[{"id":3190,"href":"https:\/\/www.astburyformentera.it\/blog\/wp-json\/wp\/v2\/posts\/3188\/revisions\/3190"}],"wp:featuredmedia":[{"embeddable":true,"href":"https:\/\/www.astburyformentera.it\/blog\/wp-json\/wp\/v2\/media\/3000"}],"wp:attachment":[{"href":"https:\/\/www.astburyformentera.it\/blog\/wp-json\/wp\/v2\/media?parent=3188"}],"wp:term":[{"taxonomy":"category","embeddable":true,"href":"https:\/\/www.astburyformentera.it\/blog\/wp-json\/wp\/v2\/categories?post=3188"},{"taxonomy":"post_tag","embeddable":true,"href":"https:\/\/www.astburyformentera.it\/blog\/wp-json\/wp\/v2\/tags?post=3188"}],"curies":[{"name":"wp","href":"https:\/\/api.w.org\/{rel}","templated":true}]}}